{"id":1903,"date":"2024-03-30T14:56:23","date_gmt":"2024-03-30T13:56:23","guid":{"rendered":"https:\/\/www.freibad-jesteburg.de\/?p=1903"},"modified":"2024-03-30T15:02:19","modified_gmt":"2024-03-30T14:02:19","slug":"erster-arbeitseinsatz","status":"publish","type":"post","link":"https:\/\/www.freibad-jesteburg.de\/?p=1903","title":{"rendered":"Erster Arbeitseinsatz"},"content":{"rendered":"\t\t<div data-elementor-type=\"wp-post\" data-elementor-id=\"1903\" class=\"elementor elementor-1903\">\n\t\t\t\t\t\t<section class=\"elementor-section elementor-top-section elementor-element elementor-element-14ece48 elementor-section-boxed elementor-section-height-default elementor-section-height-default\" data-id=\"14ece48\" data-element_type=\"section\">\n\t\t\t\t\t\t<div class=\"elementor-container elementor-column-gap-default\">\n\t\t\t\t\t<div class=\"elementor-column elementor-col-100 elementor-top-column elementor-element elementor-element-53b1372\" data-id=\"53b1372\" data-element_type=\"column\">\n\t\t\t<div class=\"elementor-widget-wrap elementor-element-populated\">\n\t\t\t\t\t\t<div class=\"elementor-element elementor-element-cd201cf elementor-widget elementor-widget-text-editor\" data-id=\"cd201cf\" data-element_type=\"widget\" data-widget_type=\"text-editor.default\">\n\t\t\t\t<div class=\"elementor-widget-container\">\n\t\t\t\t\t\t\t<p>Endlich gibt es die verl\u00e4ssliche Aussage zur \u00d6ffnung des Freibades!<\/p><p>Deswegen kommt denn jetzt auch die kurzfristige Bitte um Eure Hilfe bei den Arbeitseins\u00e4tzen!<\/p><p>Wir treffen uns am kommenden \u00a0Samstag, den 6. April 2024 ab 9:30Uhr vor Ort im Freibad zum gemeinsamen Aufarbeiten der Gr\u00fcnanlagen. Das macht erfahrungsgem\u00e4\u00df viel Spa\u00df und jede und jeder ist herzlich dazu eingeladen.<\/p><p>F\u00fcr das leibliche Wohl wird gesorgt sein!<\/p><p>Wir freuen uns auf Euch!<\/p>\t\t\t\t\t\t<\/div>\n\t\t\t\t<\/div>\n\t\t\t\t\t<\/div>\n\t\t<\/div>\n\t\t\t\t\t<\/div>\n\t\t<\/section>\n\t\t\t\t<\/div>\n\t\t","protected":false},"excerpt":{"rendered":"<p>Endlich gibt es die verl\u00e4ssliche Aussage zur \u00d6ffnung des Freibades! Deswegen kommt denn jetzt auch die kurzfristige Bitte um Eure Hilfe bei [&hellip;]<\/p>\n","protected":false},"author":2,"featured_media":0,"comment_status":"closed","ping_status":"open","sticky":false,"template":"","format":"standard","meta":{"inline_featured_image":false,"footnotes":""},"categories":[6],"tags":[],"class_list":["post-1903","post","type-post","status-publish","format-standard","hentry","category-freibad"],"_links":{"self":[{"href":"https:\/\/www.freibad-jesteburg.de\/index.php?rest_route=\/wp\/v2\/posts\/1903"}],"collection":[{"href":"https:\/\/www.freibad-jesteburg.de\/index.php?rest_route=\/wp\/v2\/posts"}],"about":[{"href":"https:\/\/www.freibad-jesteburg.de\/index.php?rest_route=\/wp\/v2\/types\/post"}],"author":[{"embeddable":true,"href":"https:\/\/www.freibad-jesteburg.de\/index.php?rest_route=\/wp\/v2\/users\/2"}],"replies":[{"embeddable":true,"href":"https:\/\/www.freibad-jesteburg.de\/index.php?rest_route=%2Fwp%2Fv2%2Fcomments&post=1903"}],"version-history":[{"count":5,"href":"https:\/\/www.freibad-jesteburg.de\/index.php?rest_route=\/wp\/v2\/posts\/1903\/revisions"}],"predecessor-version":[{"id":2500,"href":"https:\/\/www.freibad-jesteburg.de\/index.php?rest_route=\/wp\/v2\/posts\/1903\/revisions\/2500"}],"wp:attachment":[{"href":"https:\/\/www.freibad-jesteburg.de\/index.php?rest_route=%2Fwp%2Fv2%2Fmedia&parent=1903"}],"wp:term":[{"taxonomy":"category","embeddable":true,"href":"https:\/\/www.freibad-jesteburg.de\/index.php?rest_route=%2Fwp%2Fv2%2Fcategories&post=1903"},{"taxonomy":"post_tag","embeddable":true,"href":"https:\/\/www.freibad-jesteburg.de\/index.php?rest_route=%2Fwp%2Fv2%2Ftags&post=1903"}],"curies":[{"name":"wp","href":"https:\/\/api.w.org\/{rel}","templated":true}]}}