{"id":2063,"date":"2024-06-08T10:17:24","date_gmt":"2024-06-08T09:17:24","guid":{"rendered":"https:\/\/www.freibad-jesteburg.de\/?p=2063"},"modified":"2024-06-08T10:25:39","modified_gmt":"2024-06-08T09:25:39","slug":"aenderung-der-oeffnungszeiten","status":"publish","type":"post","link":"https:\/\/www.freibad-jesteburg.de\/?p=2063","title":{"rendered":"\u00c4nderung der \u00d6ffnungszeiten"},"content":{"rendered":"\t\t<div data-elementor-type=\"wp-post\" data-elementor-id=\"2063\" class=\"elementor elementor-2063\">\n\t\t\t\t\t\t<section class=\"elementor-section elementor-top-section elementor-element elementor-element-5d5b59a elementor-section-boxed elementor-section-height-default elementor-section-height-default\" data-id=\"5d5b59a\" data-element_type=\"section\">\n\t\t\t\t\t\t<div class=\"elementor-container elementor-column-gap-default\">\n\t\t\t\t\t<div class=\"elementor-column elementor-col-100 elementor-top-column elementor-element elementor-element-5dc7800\" data-id=\"5dc7800\" data-element_type=\"column\">\n\t\t\t<div class=\"elementor-widget-wrap elementor-element-populated\">\n\t\t\t\t\t\t<div class=\"elementor-element elementor-element-639ee8e elementor-widget elementor-widget-text-editor\" data-id=\"639ee8e\" data-element_type=\"widget\" data-widget_type=\"text-editor.default\">\n\t\t\t\t<div class=\"elementor-widget-container\">\n\t\t\t\t\t\t\t<p>Die zweite Fachangestellte im Badteam hat \u00fcberraschend gek\u00fcndigt, was zwei Wochen nach Saisonbeginn der denkbar ungl\u00fccklichste Zeitpunkt f\u00fcr eine solche Entscheidung war. In den Zeiten f\u00fcr die Verteilung der Wasseraufsichten rei\u00dft das ein gro\u00dfes Loch, das Rolf und sein Team in den vergangenen Tagen noch versucht haben zu \u00fcberbr\u00fccken. Mit dem verbleibenden Personal ist das aber nicht machbar, wie sich inzwischen herausgestellt hat.<\/p><p>Deswegen ist eine K\u00fcrzung der \u00d6ffnungszeiten unumg\u00e4nglich, leider!<\/p><p>Ab <strong>Montag, den 10.06.2024<\/strong> wird daher der Badbetrieb wie folgt zur Verf\u00fcgung stehen:<\/p><p><strong>Mo, Mi, Do Fr, Sa und So 10:00 \u2013 19:00Uhr<\/strong><\/p><p><strong>Dienstag Ruhetag<\/strong><\/p><p>Uns bleibt nichts anderes \u00fcbrig, als um Verst\u00e4ndnis daf\u00fcr zu bitten.<\/p><p>Eine Neubesetzung der Stelle muss zuerst vom Rat genehmigt werden. Der Fachkr\u00e4ftemangel in diesem Bereich ist gro\u00df, daher halten wir es f\u00fcr sehr fraglich, dass hier z\u00fcgig ein Ersatz gefunden werden kann.<\/p><p>Trotzdem hier der Aufruf!<\/p><p>Wer jemanden kennt, der\/die als Fachangestellte\/r f\u00fcr B\u00e4derbetriebe in unserem sch\u00f6nen Freibad t\u00e4tig werden k\u00f6nnte oder vielleicht selbst die Ausbildung hat, der\/die meldet sich bitte bei uns (info@freibad-jesteburg.de) oder auch direkt bei der Personalabteilung der Gemeinde Jesteburg:<\/p><p>Samtgemeinde Jesteburg<br \/>Personalabteilung<br \/>Niedersachsenplatz 5<br \/>21266 Jesteburg<\/p><p>oder Bewerbung elektronisch an:<\/p><p>bewerbung-jesteburg@lkharburg.de<\/p>\t\t\t\t\t\t<\/div>\n\t\t\t\t<\/div>\n\t\t\t\t\t<\/div>\n\t\t<\/div>\n\t\t\t\t\t<\/div>\n\t\t<\/section>\n\t\t\t\t<\/div>\n\t\t","protected":false},"excerpt":{"rendered":"<p>Die zweite Fachangestellte im Badteam hat \u00fcberraschend gek\u00fcndigt, was zwei Wochen nach Saisonbeginn der denkbar ungl\u00fccklichste Zeitpunkt f\u00fcr eine solche Entscheidung war. [&hellip;]<\/p>\n","protected":false},"author":2,"featured_media":0,"comment_status":"closed","ping_status":"open","sticky":false,"template":"","format":"standard","meta":{"inline_featured_image":false,"footnotes":""},"categories":[6],"tags":[],"class_list":["post-2063","post","type-post","status-publish","format-standard","hentry","category-freibad"],"_links":{"self":[{"href":"https:\/\/www.freibad-jesteburg.de\/index.php?rest_route=\/wp\/v2\/posts\/2063"}],"collection":[{"href":"https:\/\/www.freibad-jesteburg.de\/index.php?rest_route=\/wp\/v2\/posts"}],"about":[{"href":"https:\/\/www.freibad-jesteburg.de\/index.php?rest_route=\/wp\/v2\/types\/post"}],"author":[{"embeddable":true,"href":"https:\/\/www.freibad-jesteburg.de\/index.php?rest_route=\/wp\/v2\/users\/2"}],"replies":[{"embeddable":true,"href":"https:\/\/www.freibad-jesteburg.de\/index.php?rest_route=%2Fwp%2Fv2%2Fcomments&post=2063"}],"version-history":[{"count":7,"href":"https:\/\/www.freibad-jesteburg.de\/index.php?rest_route=\/wp\/v2\/posts\/2063\/revisions"}],"predecessor-version":[{"id":2070,"href":"https:\/\/www.freibad-jesteburg.de\/index.php?rest_route=\/wp\/v2\/posts\/2063\/revisions\/2070"}],"wp:attachment":[{"href":"https:\/\/www.freibad-jesteburg.de\/index.php?rest_route=%2Fwp%2Fv2%2Fmedia&parent=2063"}],"wp:term":[{"taxonomy":"category","embeddable":true,"href":"https:\/\/www.freibad-jesteburg.de\/index.php?rest_route=%2Fwp%2Fv2%2Fcategories&post=2063"},{"taxonomy":"post_tag","embeddable":true,"href":"https:\/\/www.freibad-jesteburg.de\/index.php?rest_route=%2Fwp%2Fv2%2Ftags&post=2063"}],"curies":[{"name":"wp","href":"https:\/\/api.w.org\/{rel}","templated":true}]}}