{"id":2137,"date":"2025-04-04T07:40:42","date_gmt":"2025-04-04T06:40:42","guid":{"rendered":"https:\/\/www.freibad-jesteburg.de\/?p=2137"},"modified":"2025-04-04T07:44:23","modified_gmt":"2025-04-04T06:44:23","slug":"ergebnis-aus-dem-gemeinderat","status":"publish","type":"post","link":"https:\/\/www.freibad-jesteburg.de\/?p=2137","title":{"rendered":"Ergebnis aus dem Gemeinderat"},"content":{"rendered":"\t\t<div data-elementor-type=\"wp-post\" data-elementor-id=\"2137\" class=\"elementor elementor-2137\">\n\t\t\t\t\t\t<section class=\"elementor-section elementor-top-section elementor-element elementor-element-bba38a4 elementor-section-boxed elementor-section-height-default elementor-section-height-default\" data-id=\"bba38a4\" data-element_type=\"section\">\n\t\t\t\t\t\t<div class=\"elementor-container elementor-column-gap-default\">\n\t\t\t\t\t<div class=\"elementor-column elementor-col-100 elementor-top-column elementor-element elementor-element-4c47dc0\" data-id=\"4c47dc0\" data-element_type=\"column\">\n\t\t\t<div class=\"elementor-widget-wrap elementor-element-populated\">\n\t\t\t\t\t\t<div class=\"elementor-element elementor-element-1e409ea elementor-widget elementor-widget-text-editor\" data-id=\"1e409ea\" data-element_type=\"widget\" data-widget_type=\"text-editor.default\">\n\t\t\t\t<div class=\"elementor-widget-container\">\n\t\t\t\t\t\t\t<p><strong>Am vergangenen Mittwoch hat der Gemeinderat einstimmig f\u00fcr die Freibadsaison 2025 gestimmt!<\/strong><\/p><p>Neben dem grunds\u00e4tzlichen \u201eGo\u201c f\u00fcr die Saison wurde im Gemeinderat \u00fcber eine \u00c4nderung der \u00d6ffnungszeiten abgestimmt. Da \u00fcber die Stellenanzeigen der Gemeinde bisher keine zweite Fachkraft gefunden werden konnte, sieht es derzeit so aus, dass auch in diesem Jahr mit gek\u00fcrzten \u00d6ffnungszeiten gerechnet werden muss.<\/p><p>Daf\u00fcr hat der F\u00f6rdervereinsvorstand zusammen mit dem Ratsmitglied Henning Buss einen Vorschlag erarbeitet, der an zwei Wochentagen eine \u00d6ffnung\u00a0<strong>ab<\/strong>\u00a08:00Uhr und an zwei Wochentagen eine \u00d6ffnung\u00a0<strong>bis<\/strong> 20:00Uhr vorsieht. Damit will man den Fr\u00fch- und Sp\u00e4tschwimmern \u201egerechter\u201c werden, die im vergangenen Jahr zu kurz gekommen sind.<\/p><p>Ob und wie das umsetzbar ist, muss nun von Verwaltung und Badleitung gekl\u00e4rt werden.<\/p><p>Au\u00dferdem wurde beschlossen, den Dienstag als Ruhetag beizubehalten.<\/p>\t\t\t\t\t\t<\/div>\n\t\t\t\t<\/div>\n\t\t\t\t\t<\/div>\n\t\t<\/div>\n\t\t\t\t\t<\/div>\n\t\t<\/section>\n\t\t\t\t<\/div>\n\t\t","protected":false},"excerpt":{"rendered":"<p>Am vergangenen Mittwoch hat der Gemeinderat einstimmig f\u00fcr die Freibadsaison 2025 gestimmt! Neben dem grunds\u00e4tzlichen \u201eGo\u201c f\u00fcr die Saison wurde im Gemeinderat [&hellip;]<\/p>\n","protected":false},"author":2,"featured_media":0,"comment_status":"closed","ping_status":"open","sticky":false,"template":"","format":"standard","meta":{"inline_featured_image":false,"footnotes":""},"categories":[6],"tags":[],"class_list":["post-2137","post","type-post","status-publish","format-standard","hentry","category-freibad"],"_links":{"self":[{"href":"https:\/\/www.freibad-jesteburg.de\/index.php?rest_route=\/wp\/v2\/posts\/2137"}],"collection":[{"href":"https:\/\/www.freibad-jesteburg.de\/index.php?rest_route=\/wp\/v2\/posts"}],"about":[{"href":"https:\/\/www.freibad-jesteburg.de\/index.php?rest_route=\/wp\/v2\/types\/post"}],"author":[{"embeddable":true,"href":"https:\/\/www.freibad-jesteburg.de\/index.php?rest_route=\/wp\/v2\/users\/2"}],"replies":[{"embeddable":true,"href":"https:\/\/www.freibad-jesteburg.de\/index.php?rest_route=%2Fwp%2Fv2%2Fcomments&post=2137"}],"version-history":[{"count":3,"href":"https:\/\/www.freibad-jesteburg.de\/index.php?rest_route=\/wp\/v2\/posts\/2137\/revisions"}],"predecessor-version":[{"id":2140,"href":"https:\/\/www.freibad-jesteburg.de\/index.php?rest_route=\/wp\/v2\/posts\/2137\/revisions\/2140"}],"wp:attachment":[{"href":"https:\/\/www.freibad-jesteburg.de\/index.php?rest_route=%2Fwp%2Fv2%2Fmedia&parent=2137"}],"wp:term":[{"taxonomy":"category","embeddable":true,"href":"https:\/\/www.freibad-jesteburg.de\/index.php?rest_route=%2Fwp%2Fv2%2Fcategories&post=2137"},{"taxonomy":"post_tag","embeddable":true,"href":"https:\/\/www.freibad-jesteburg.de\/index.php?rest_route=%2Fwp%2Fv2%2Ftags&post=2137"}],"curies":[{"name":"wp","href":"https:\/\/api.w.org\/{rel}","templated":true}]}}