{"id":2203,"date":"2025-05-09T19:10:09","date_gmt":"2025-05-09T18:10:09","guid":{"rendered":"https:\/\/www.freibad-jesteburg.de\/?p=2203"},"modified":"2025-05-09T19:11:45","modified_gmt":"2025-05-09T18:11:45","slug":"eroeffnungsfeier-zum-saisonstart-2025","status":"publish","type":"post","link":"https:\/\/www.freibad-jesteburg.de\/?p=2203","title":{"rendered":"Er\u00f6ffnungsfeier zum Saisonstart 2025"},"content":{"rendered":"\t\t<div data-elementor-type=\"wp-post\" data-elementor-id=\"2203\" class=\"elementor elementor-2203\">\n\t\t\t\t\t\t<section class=\"elementor-section elementor-top-section elementor-element elementor-element-af3dbb4 elementor-section-boxed elementor-section-height-default elementor-section-height-default\" data-id=\"af3dbb4\" data-element_type=\"section\">\n\t\t\t\t\t\t<div class=\"elementor-container elementor-column-gap-default\">\n\t\t\t\t\t<div class=\"elementor-column elementor-col-100 elementor-top-column elementor-element elementor-element-23e3af3\" data-id=\"23e3af3\" data-element_type=\"column\">\n\t\t\t<div class=\"elementor-widget-wrap elementor-element-populated\">\n\t\t\t\t\t\t<div class=\"elementor-element elementor-element-df09312 elementor-widget elementor-widget-text-editor\" data-id=\"df09312\" data-element_type=\"widget\" data-widget_type=\"text-editor.default\">\n\t\t\t\t<div class=\"elementor-widget-container\">\n\t\t\t\t\t\t\t<p>Mit dem verschobenen Saisonstart auf <strong>Sonntag, den 25.05.2025<\/strong>, wird auch der Termin f\u00fcr die Er\u00f6ffnungsfeier ge\u00e4ndert!<\/p><p>Wir sind gerade dabei, die bisherigen Planungen um zwei Wochen zu verschieben und hoffen, dass alle unsere Helfer und Helferinnen mitziehen k\u00f6nnen. Wer Lust hat mitzuhelfen, ist gerne um 10:00Uhr vor Ort, um Tische und B\u00e4nke aufzustellen und Zelte aufzubauen.<\/p><p>Das gilt auch f\u00fcr diejenigen, die einen Kuchen f\u00fcr unser Buffett beisteuern m\u00f6chten. Gerne nehmen wir Eure Kuchenspenden im Laufe des Vormittags entgegen.<\/p><p>Die Erl\u00f6se aus dem Kuchen- und Getr\u00e4nkeverkauf flie\u00dfen in die Vereinskasse.<\/p><p><strong>Die Er\u00f6ffnungsfeier beginnt wie gewohnt um 14:00Uhr, der Eintritt ins Freibad ist dann f\u00fcr den Rest des Tages frei!<\/strong><\/p><p>Wir freuen uns auf Euch!<\/p>\t\t\t\t\t\t<\/div>\n\t\t\t\t<\/div>\n\t\t\t\t\t<\/div>\n\t\t<\/div>\n\t\t\t\t\t<\/div>\n\t\t<\/section>\n\t\t\t\t<\/div>\n\t\t","protected":false},"excerpt":{"rendered":"<p>Mit dem verschobenen Saisonstart auf Sonntag, den 25.05.2025, wird auch der Termin f\u00fcr die Er\u00f6ffnungsfeier ge\u00e4ndert! Wir sind gerade dabei, die bisherigen [&hellip;]<\/p>\n","protected":false},"author":2,"featured_media":0,"comment_status":"closed","ping_status":"open","sticky":false,"template":"","format":"standard","meta":{"inline_featured_image":false,"footnotes":""},"categories":[6],"tags":[],"class_list":["post-2203","post","type-post","status-publish","format-standard","hentry","category-freibad"],"_links":{"self":[{"href":"https:\/\/www.freibad-jesteburg.de\/index.php?rest_route=\/wp\/v2\/posts\/2203"}],"collection":[{"href":"https:\/\/www.freibad-jesteburg.de\/index.php?rest_route=\/wp\/v2\/posts"}],"about":[{"href":"https:\/\/www.freibad-jesteburg.de\/index.php?rest_route=\/wp\/v2\/types\/post"}],"author":[{"embeddable":true,"href":"https:\/\/www.freibad-jesteburg.de\/index.php?rest_route=\/wp\/v2\/users\/2"}],"replies":[{"embeddable":true,"href":"https:\/\/www.freibad-jesteburg.de\/index.php?rest_route=%2Fwp%2Fv2%2Fcomments&post=2203"}],"version-history":[{"count":4,"href":"https:\/\/www.freibad-jesteburg.de\/index.php?rest_route=\/wp\/v2\/posts\/2203\/revisions"}],"predecessor-version":[{"id":2207,"href":"https:\/\/www.freibad-jesteburg.de\/index.php?rest_route=\/wp\/v2\/posts\/2203\/revisions\/2207"}],"wp:attachment":[{"href":"https:\/\/www.freibad-jesteburg.de\/index.php?rest_route=%2Fwp%2Fv2%2Fmedia&parent=2203"}],"wp:term":[{"taxonomy":"category","embeddable":true,"href":"https:\/\/www.freibad-jesteburg.de\/index.php?rest_route=%2Fwp%2Fv2%2Fcategories&post=2203"},{"taxonomy":"post_tag","embeddable":true,"href":"https:\/\/www.freibad-jesteburg.de\/index.php?rest_route=%2Fwp%2Fv2%2Ftags&post=2203"}],"curies":[{"name":"wp","href":"https:\/\/api.w.org\/{rel}","templated":true}]}}