{"id":2590,"date":"2026-04-24T12:51:15","date_gmt":"2026-04-24T11:51:15","guid":{"rendered":"https:\/\/www.freibad-jesteburg.de\/?p=2590"},"modified":"2026-04-24T12:52:12","modified_gmt":"2026-04-24T11:52:12","slug":"freibad-jesteburg-erhaelt-foerderung-vom-bund","status":"publish","type":"post","link":"https:\/\/www.freibad-jesteburg.de\/?p=2590","title":{"rendered":"Freibad Jesteburg erh\u00e4lt F\u00f6rderung vom Bund"},"content":{"rendered":"\t\t<div data-elementor-type=\"wp-post\" data-elementor-id=\"2590\" class=\"elementor elementor-2590\">\n\t\t\t\t\t\t<section class=\"elementor-section elementor-top-section elementor-element elementor-element-096b7c0 elementor-section-boxed elementor-section-height-default elementor-section-height-default\" data-id=\"096b7c0\" data-element_type=\"section\">\n\t\t\t\t\t\t<div class=\"elementor-container elementor-column-gap-default\">\n\t\t\t\t\t<div class=\"elementor-column elementor-col-100 elementor-top-column elementor-element elementor-element-7950b7a\" data-id=\"7950b7a\" data-element_type=\"column\">\n\t\t\t<div class=\"elementor-widget-wrap elementor-element-populated\">\n\t\t\t\t\t\t<div class=\"elementor-element elementor-element-3e047b7 elementor-widget elementor-widget-text-editor\" data-id=\"3e047b7\" data-element_type=\"widget\" data-widget_type=\"text-editor.default\">\n\t\t\t\t<div class=\"elementor-widget-container\">\n\t\t\t\t\t\t\t<p>Am 22. April haben wir erfahren, dass der F\u00f6rderantrag der Gemeinde Jesteburg f\u00fcr die Sanierung kommunaler Sportst\u00e4tten vollumf\u00e4nglich genehmigt wurde!\u00a0<\/p><p>Der Bund unterst\u00fctzt damit unser Jesteburger Freibad mit einer\u00a0<strong>F\u00f6rderung \u00fcber 761.524,26 Euro<\/strong>. Wir freuen uns darauf, gemeinsam mit euch, die n\u00e4chsten Schritte zu gehen und halten euch selbstverst\u00e4ndlich \u00fcber den weiteren Verlauf der Sanierungspl\u00e4ne auf dem Laufenden.<\/p><p>Und welch ein unglaublicher Zufall, denn genau 22 Jahre zuvor, am 22. April 2004, wurde unser\u00a0<strong>F\u00f6rderverein gegr\u00fcndet<\/strong>. Ein historischer Tag f\u00fcr unser Freibad \u2013 wir sind gespannt, was die kommenden Jahre bringen.<\/p><p>Mit der Bewilligung der F\u00f6rdermittel wird unser aller Engagement belohnt und gibt uns R\u00fcckenwind f\u00fcr die Zukunft. Ein Beweis, dass gemeinn\u00fctzige Ziele f\u00fcr eine wichtige Sache nur mit und f\u00fcr Menschen gemeinsam erreicht werden k\u00f6nnen. Wir danken auch allen f\u00fcr euren Einsatz und euer Engagement f\u00fcr unser Freibad! Die Saison 2026 kann kommen!<\/p>\t\t\t\t\t\t<\/div>\n\t\t\t\t<\/div>\n\t\t\t\t\t<\/div>\n\t\t<\/div>\n\t\t\t\t\t<\/div>\n\t\t<\/section>\n\t\t\t\t<\/div>\n\t\t","protected":false},"excerpt":{"rendered":"<p>Am 22. April haben wir erfahren, dass der F\u00f6rderantrag der Gemeinde Jesteburg f\u00fcr die Sanierung kommunaler Sportst\u00e4tten vollumf\u00e4nglich genehmigt wurde!\u00a0 Der Bund [&hellip;]<\/p>\n","protected":false},"author":3,"featured_media":0,"comment_status":"closed","ping_status":"open","sticky":false,"template":"","format":"standard","meta":{"inline_featured_image":false,"footnotes":""},"categories":[6],"tags":[],"class_list":["post-2590","post","type-post","status-publish","format-standard","hentry","category-freibad"],"_links":{"self":[{"href":"https:\/\/www.freibad-jesteburg.de\/index.php?rest_route=\/wp\/v2\/posts\/2590"}],"collection":[{"href":"https:\/\/www.freibad-jesteburg.de\/index.php?rest_route=\/wp\/v2\/posts"}],"about":[{"href":"https:\/\/www.freibad-jesteburg.de\/index.php?rest_route=\/wp\/v2\/types\/post"}],"author":[{"embeddable":true,"href":"https:\/\/www.freibad-jesteburg.de\/index.php?rest_route=\/wp\/v2\/users\/3"}],"replies":[{"embeddable":true,"href":"https:\/\/www.freibad-jesteburg.de\/index.php?rest_route=%2Fwp%2Fv2%2Fcomments&post=2590"}],"version-history":[{"count":4,"href":"https:\/\/www.freibad-jesteburg.de\/index.php?rest_route=\/wp\/v2\/posts\/2590\/revisions"}],"predecessor-version":[{"id":2594,"href":"https:\/\/www.freibad-jesteburg.de\/index.php?rest_route=\/wp\/v2\/posts\/2590\/revisions\/2594"}],"wp:attachment":[{"href":"https:\/\/www.freibad-jesteburg.de\/index.php?rest_route=%2Fwp%2Fv2%2Fmedia&parent=2590"}],"wp:term":[{"taxonomy":"category","embeddable":true,"href":"https:\/\/www.freibad-jesteburg.de\/index.php?rest_route=%2Fwp%2Fv2%2Fcategories&post=2590"},{"taxonomy":"post_tag","embeddable":true,"href":"https:\/\/www.freibad-jesteburg.de\/index.php?rest_route=%2Fwp%2Fv2%2Ftags&post=2590"}],"curies":[{"name":"wp","href":"https:\/\/api.w.org\/{rel}","templated":true}]}}